{"id":567,"date":"2022-05-06T07:34:25","date_gmt":"2022-05-06T07:34:25","guid":{"rendered":"https:\/\/institutulbucovina.ro\/web\/?p=567"},"modified":"2022-05-06T07:36:11","modified_gmt":"2022-05-06T07:36:11","slug":"anunt-rezultat-selectie-dosare","status":"publish","type":"post","link":"https:\/\/institutulbucovina.ro\/web\/2022\/05\/06\/anunt-rezultat-selectie-dosare\/","title":{"rendered":"Anun\u021b rezultat selec\u021bie dosare"},"content":{"rendered":"<p>Etapa de selec\u021bie a dosarelor candida\u021bilor \u00eenscri\u0219i la concursul organizat pentru ocuparea<br \/>\npostului de conducere: Director institut de cercetare, gradul I, norm\u0103 \u00eentreag\u0103.<\/p>\n<p><a href=\"https:\/\/institutulbucovina.ro\/web\/wp-content\/uploads\/2022\/05\/ANUNT-SELECTIE-DOSARE-INSTITUT-BUCOVINA-.pdf\">Descarc\u0103 &#8211; ANUNT SELECTIE DOSARE INSTITUT BUCOVINA<\/a><\/p>\n<p>&nbsp;<\/p>\n","protected":false},"excerpt":{"rendered":"<p>Etapa de selec\u021bie a dosarelor candida\u021bilor \u00eenscri\u0219i la concursul organizat pentru ocuparea postului de conducere: Director institut de cercetare, gradul I, norm\u0103 \u00eentreag\u0103. Descarc\u0103 &#8211; ANUNT SELECTIE DOSARE INSTITUT BUCOVINA &nbsp;<\/p>\n","protected":false},"author":6,"featured_media":534,"comment_status":"open","ping_status":"open","sticky":false,"template":"","format":"standard","meta":{"site-sidebar-layout":"default","site-content-layout":"default","ast-main-header-display":"","ast-hfb-above-header-display":"","ast-hfb-below-header-display":"","ast-hfb-mobile-header-display":"","site-post-title":"","ast-breadcrumbs-content":"","ast-featured-img":"","footer-sml-layout":"","theme-transparent-header-meta":"default","adv-header-id-meta":"","stick-header-meta":"","header-above-stick-meta":"","header-main-stick-meta":"","header-below-stick-meta":"","footnotes":""},"categories":[15],"tags":[],"class_list":["post-567","post","type-post","status-publish","format-standard","has-post-thumbnail","hentry","category-anunturi"],"yoast_head":"<!-- This site is optimized with the Yoast SEO plugin v17.8 - https:\/\/yoast.com\/wordpress\/plugins\/seo\/ -->\n<title>Anun\u021b rezultat selec\u021bie dosare - Institutul Bucovina<\/title>\n<meta name=\"robots\" content=\"index, follow, max-snippet:-1, max-image-preview:large, max-video-preview:-1\" \/>\n<link rel=\"canonical\" href=\"https:\/\/institutulbucovina.ro\/web\/2022\/05\/06\/anunt-rezultat-selectie-dosare\/\" \/>\n<meta property=\"og:locale\" content=\"ro_RO\" \/>\n<meta property=\"og:type\" content=\"article\" \/>\n<meta property=\"og:title\" content=\"Anun\u021b rezultat selec\u021bie dosare - Institutul Bucovina\" \/>\n<meta property=\"og:description\" content=\"Etapa de selec\u021bie a dosarelor candida\u021bilor \u00eenscri\u0219i la concursul organizat pentru ocuparea postului de conducere: Director institut de cercetare, gradul I, norm\u0103 \u00eentreag\u0103. Descarc\u0103 &#8211; ANUNT SELECTIE DOSARE INSTITUT BUCOVINA &nbsp;\" \/>\n<meta property=\"og:url\" content=\"https:\/\/institutulbucovina.ro\/web\/2022\/05\/06\/anunt-rezultat-selectie-dosare\/\" \/>\n<meta property=\"og:site_name\" content=\"Institutul Bucovina\" \/>\n<meta property=\"article:published_time\" content=\"2022-05-06T07:34:25+00:00\" \/>\n<meta property=\"article:modified_time\" content=\"2022-05-06T07:36:11+00:00\" \/>\n<meta property=\"og:image\" content=\"https:\/\/institutulbucovina.ro\/web\/wp-content\/uploads\/2022\/04\/microsoft-office-pdf-document-953x1024-1-e1649708354449.jpg\" \/>\n\t<meta property=\"og:image:width\" content=\"300\" \/>\n\t<meta property=\"og:image:height\" content=\"322\" \/>\n<meta name=\"twitter:card\" content=\"summary_large_image\" \/>\n<meta name=\"twitter:label1\" content=\"Scris de\" \/>\n\t<meta name=\"twitter:data1\" content=\"institutb\" \/>\n<script type=\"application\/ld+json\" class=\"yoast-schema-graph\">{\"@context\":\"https:\/\/schema.org\",\"@graph\":[{\"@type\":\"WebSite\",\"@id\":\"https:\/\/institutulbucovina.ro\/web\/#website\",\"url\":\"https:\/\/institutulbucovina.ro\/web\/\",\"name\":\"Institutul Bucovina\",\"description\":\"Periodic al Institutului \\u201eBucovina\\u201d al Academiei Rom\\u00e2ne\",\"potentialAction\":[{\"@type\":\"SearchAction\",\"target\":{\"@type\":\"EntryPoint\",\"urlTemplate\":\"https:\/\/institutulbucovina.ro\/web\/?s={search_term_string}\"},\"query-input\":\"required name=search_term_string\"}],\"inLanguage\":\"ro-RO\"},{\"@type\":\"ImageObject\",\"@id\":\"https:\/\/institutulbucovina.ro\/web\/2022\/05\/06\/anunt-rezultat-selectie-dosare\/#primaryimage\",\"inLanguage\":\"ro-RO\",\"url\":\"https:\/\/institutulbucovina.ro\/web\/wp-content\/uploads\/2022\/04\/microsoft-office-pdf-document-953x1024-1-e1649708354449.jpg\",\"contentUrl\":\"https:\/\/institutulbucovina.ro\/web\/wp-content\/uploads\/2022\/04\/microsoft-office-pdf-document-953x1024-1-e1649708354449.jpg\",\"width\":300,\"height\":322},{\"@type\":\"WebPage\",\"@id\":\"https:\/\/institutulbucovina.ro\/web\/2022\/05\/06\/anunt-rezultat-selectie-dosare\/#webpage\",\"url\":\"https:\/\/institutulbucovina.ro\/web\/2022\/05\/06\/anunt-rezultat-selectie-dosare\/\",\"name\":\"Anun\\u021b rezultat selec\\u021bie dosare - Institutul Bucovina\",\"isPartOf\":{\"@id\":\"https:\/\/institutulbucovina.ro\/web\/#website\"},\"primaryImageOfPage\":{\"@id\":\"https:\/\/institutulbucovina.ro\/web\/2022\/05\/06\/anunt-rezultat-selectie-dosare\/#primaryimage\"},\"datePublished\":\"2022-05-06T07:34:25+00:00\",\"dateModified\":\"2022-05-06T07:36:11+00:00\",\"author\":{\"@id\":\"https:\/\/institutulbucovina.ro\/web\/#\/schema\/person\/de06106d58bab0556cb8feb35983f881\"},\"breadcrumb\":{\"@id\":\"https:\/\/institutulbucovina.ro\/web\/2022\/05\/06\/anunt-rezultat-selectie-dosare\/#breadcrumb\"},\"inLanguage\":\"ro-RO\",\"potentialAction\":[{\"@type\":\"ReadAction\",\"target\":[\"https:\/\/institutulbucovina.ro\/web\/2022\/05\/06\/anunt-rezultat-selectie-dosare\/\"]}]},{\"@type\":\"BreadcrumbList\",\"@id\":\"https:\/\/institutulbucovina.ro\/web\/2022\/05\/06\/anunt-rezultat-selectie-dosare\/#breadcrumb\",\"itemListElement\":[{\"@type\":\"ListItem\",\"position\":1,\"name\":\"Prima pagin\\u0103\",\"item\":\"https:\/\/institutulbucovina.ro\/web\/\"},{\"@type\":\"ListItem\",\"position\":2,\"name\":\"Anun\\u021b rezultat selec\\u021bie dosare\"}]},{\"@type\":\"Person\",\"@id\":\"https:\/\/institutulbucovina.ro\/web\/#\/schema\/person\/de06106d58bab0556cb8feb35983f881\",\"name\":\"institutb\",\"image\":{\"@type\":\"ImageObject\",\"@id\":\"https:\/\/institutulbucovina.ro\/web\/#personlogo\",\"inLanguage\":\"ro-RO\",\"url\":\"https:\/\/secure.gravatar.com\/avatar\/a83cfe98264b87795b5043463a373bbe38dba201cc93ec568407720a46b65d16?s=96&d=mm&r=g\",\"contentUrl\":\"https:\/\/secure.gravatar.com\/avatar\/a83cfe98264b87795b5043463a373bbe38dba201cc93ec568407720a46b65d16?s=96&d=mm&r=g\",\"caption\":\"institutb\"},\"url\":\"https:\/\/institutulbucovina.ro\/web\/author\/institutb\/\"}]}<\/script>\n<!-- \/ Yoast SEO plugin. -->","yoast_head_json":{"title":"Anun\u021b rezultat selec\u021bie dosare - Institutul Bucovina","robots":{"index":"index","follow":"follow","max-snippet":"max-snippet:-1","max-image-preview":"max-image-preview:large","max-video-preview":"max-video-preview:-1"},"canonical":"https:\/\/institutulbucovina.ro\/web\/2022\/05\/06\/anunt-rezultat-selectie-dosare\/","og_locale":"ro_RO","og_type":"article","og_title":"Anun\u021b rezultat selec\u021bie dosare - Institutul Bucovina","og_description":"Etapa de selec\u021bie a dosarelor candida\u021bilor \u00eenscri\u0219i la concursul organizat pentru ocuparea postului de conducere: Director institut de cercetare, gradul I, norm\u0103 \u00eentreag\u0103. Descarc\u0103 &#8211; ANUNT SELECTIE DOSARE INSTITUT BUCOVINA &nbsp;","og_url":"https:\/\/institutulbucovina.ro\/web\/2022\/05\/06\/anunt-rezultat-selectie-dosare\/","og_site_name":"Institutul Bucovina","article_published_time":"2022-05-06T07:34:25+00:00","article_modified_time":"2022-05-06T07:36:11+00:00","og_image":[{"width":300,"height":322,"url":"https:\/\/institutulbucovina.ro\/web\/wp-content\/uploads\/2022\/04\/microsoft-office-pdf-document-953x1024-1-e1649708354449.jpg","type":"image\/jpeg"}],"twitter_card":"summary_large_image","twitter_misc":{"Scris de":"institutb"},"schema":{"@context":"https:\/\/schema.org","@graph":[{"@type":"WebSite","@id":"https:\/\/institutulbucovina.ro\/web\/#website","url":"https:\/\/institutulbucovina.ro\/web\/","name":"Institutul Bucovina","description":"Periodic al Institutului \u201eBucovina\u201d al Academiei Rom\u00e2ne","potentialAction":[{"@type":"SearchAction","target":{"@type":"EntryPoint","urlTemplate":"https:\/\/institutulbucovina.ro\/web\/?s={search_term_string}"},"query-input":"required name=search_term_string"}],"inLanguage":"ro-RO"},{"@type":"ImageObject","@id":"https:\/\/institutulbucovina.ro\/web\/2022\/05\/06\/anunt-rezultat-selectie-dosare\/#primaryimage","inLanguage":"ro-RO","url":"https:\/\/institutulbucovina.ro\/web\/wp-content\/uploads\/2022\/04\/microsoft-office-pdf-document-953x1024-1-e1649708354449.jpg","contentUrl":"https:\/\/institutulbucovina.ro\/web\/wp-content\/uploads\/2022\/04\/microsoft-office-pdf-document-953x1024-1-e1649708354449.jpg","width":300,"height":322},{"@type":"WebPage","@id":"https:\/\/institutulbucovina.ro\/web\/2022\/05\/06\/anunt-rezultat-selectie-dosare\/#webpage","url":"https:\/\/institutulbucovina.ro\/web\/2022\/05\/06\/anunt-rezultat-selectie-dosare\/","name":"Anun\u021b rezultat selec\u021bie dosare - Institutul Bucovina","isPartOf":{"@id":"https:\/\/institutulbucovina.ro\/web\/#website"},"primaryImageOfPage":{"@id":"https:\/\/institutulbucovina.ro\/web\/2022\/05\/06\/anunt-rezultat-selectie-dosare\/#primaryimage"},"datePublished":"2022-05-06T07:34:25+00:00","dateModified":"2022-05-06T07:36:11+00:00","author":{"@id":"https:\/\/institutulbucovina.ro\/web\/#\/schema\/person\/de06106d58bab0556cb8feb35983f881"},"breadcrumb":{"@id":"https:\/\/institutulbucovina.ro\/web\/2022\/05\/06\/anunt-rezultat-selectie-dosare\/#breadcrumb"},"inLanguage":"ro-RO","potentialAction":[{"@type":"ReadAction","target":["https:\/\/institutulbucovina.ro\/web\/2022\/05\/06\/anunt-rezultat-selectie-dosare\/"]}]},{"@type":"BreadcrumbList","@id":"https:\/\/institutulbucovina.ro\/web\/2022\/05\/06\/anunt-rezultat-selectie-dosare\/#breadcrumb","itemListElement":[{"@type":"ListItem","position":1,"name":"Prima pagin\u0103","item":"https:\/\/institutulbucovina.ro\/web\/"},{"@type":"ListItem","position":2,"name":"Anun\u021b rezultat selec\u021bie dosare"}]},{"@type":"Person","@id":"https:\/\/institutulbucovina.ro\/web\/#\/schema\/person\/de06106d58bab0556cb8feb35983f881","name":"institutb","image":{"@type":"ImageObject","@id":"https:\/\/institutulbucovina.ro\/web\/#personlogo","inLanguage":"ro-RO","url":"https:\/\/secure.gravatar.com\/avatar\/a83cfe98264b87795b5043463a373bbe38dba201cc93ec568407720a46b65d16?s=96&d=mm&r=g","contentUrl":"https:\/\/secure.gravatar.com\/avatar\/a83cfe98264b87795b5043463a373bbe38dba201cc93ec568407720a46b65d16?s=96&d=mm&r=g","caption":"institutb"},"url":"https:\/\/institutulbucovina.ro\/web\/author\/institutb\/"}]}},"_links":{"self":[{"href":"https:\/\/institutulbucovina.ro\/web\/wp-json\/wp\/v2\/posts\/567","targetHints":{"allow":["GET"]}}],"collection":[{"href":"https:\/\/institutulbucovina.ro\/web\/wp-json\/wp\/v2\/posts"}],"about":[{"href":"https:\/\/institutulbucovina.ro\/web\/wp-json\/wp\/v2\/types\/post"}],"author":[{"embeddable":true,"href":"https:\/\/institutulbucovina.ro\/web\/wp-json\/wp\/v2\/users\/6"}],"replies":[{"embeddable":true,"href":"https:\/\/institutulbucovina.ro\/web\/wp-json\/wp\/v2\/comments?post=567"}],"version-history":[{"count":1,"href":"https:\/\/institutulbucovina.ro\/web\/wp-json\/wp\/v2\/posts\/567\/revisions"}],"predecessor-version":[{"id":569,"href":"https:\/\/institutulbucovina.ro\/web\/wp-json\/wp\/v2\/posts\/567\/revisions\/569"}],"wp:featuredmedia":[{"embeddable":true,"href":"https:\/\/institutulbucovina.ro\/web\/wp-json\/wp\/v2\/media\/534"}],"wp:attachment":[{"href":"https:\/\/institutulbucovina.ro\/web\/wp-json\/wp\/v2\/media?parent=567"}],"wp:term":[{"taxonomy":"category","embeddable":true,"href":"https:\/\/institutulbucovina.ro\/web\/wp-json\/wp\/v2\/categories?post=567"},{"taxonomy":"post_tag","embeddable":true,"href":"https:\/\/institutulbucovina.ro\/web\/wp-json\/wp\/v2\/tags?post=567"}],"curies":[{"name":"wp","href":"https:\/\/api.w.org\/{rel}","templated":true}]}}