{"id":398,"date":"2018-09-29T17:11:14","date_gmt":"2018-09-29T17:11:14","guid":{"rendered":"https:\/\/institutulbucovina.ro\/web\/?p=398"},"modified":"2023-02-14T11:28:00","modified_gmt":"2023-02-14T11:28:00","slug":"bucovina-si-bucovinenii-un-secol-de-la-marea-unire-radauti-28-septembrie-cernauti-29-septembrie-2018","status":"publish","type":"post","link":"https:\/\/institutulbucovina.ro\/web\/2018\/09\/29\/bucovina-si-bucovinenii-un-secol-de-la-marea-unire-radauti-28-septembrie-cernauti-29-septembrie-2018\/","title":{"rendered":"Bucovina \u0219i bucovinenii. Un secol de la MAREA UNIRE. R\u0103d\u0103u\u0163i, 28 septembrie &#8211; Cern\u0103u\u021bi, 29 septembrie 2018."},"content":{"rendered":"<p><strong>Bucovina \u0219i bucovinenii. Un secol de la MAREA UNIRE.<br \/>\nA XXVI-a sesiune anual\u0103 de referate \u015fi comunic\u0103ri \u015ftiin\u0163ifice<\/strong><\/p>\n<p>R\u0103d\u0103u\u0163i, 28 septembrie \u2013 Cern\u0103u\u021bi, 29 septembrie 2018.<\/p>\n<ol>\n<li>Comunic\u0103ri:<\/li>\n<\/ol>\n<p>RODICA JUGRIN, CS III dr., Institutul \u201eBucovina\u201d, R\u0103d\u0103u\u0163i:\u00a0<em>In memoriam Dimitrie Vatamaniuc (25 septembrie 1920 \u2013 4 iulie 2018)<\/em>.<br \/>\nALEXANDRINA CERNOV, membru de onoare al Academiei Rom\u00e2ne, Cern\u0103u\u0163i, Ucraina:\u00a0<em>Ion Nistor \u00een amintirea contemporanilor<\/em>.<br \/>\nVLAD GAFI\u0162A, lect. univ. dr., Universitatea \u201e\u015etefan cel Mare\u201d, Suceava:\u00a0<em>Contribu\u0163ia lui Iancu Flondor la Unirea Bucovinei cu Regatul Rom\u00e2niei.<\/em><br \/>\nVASILE I. SCHIPOR, CS II dr., R\u0103d\u0103u\u021bi:\u00a0<em>Radu I. Sbiera (1876\u20131946): \u201eS\u0103 lucr\u0103m nu numai cu mintea, ci \u0219i cu inima!\u201d.<\/em><br \/>\nMARIAN OLARU, CS II dr., Institutul \u201eBucovina\u201d, R\u0103d\u0103u\u0163i:\u00a0<em>Bucovina \u00een Primul R\u0103zboi Mondial. Politic\u0103 \u015fi cotidian.<\/em><br \/>\nJLIGIA-MARIA FODOR, lect. univ. dr., Academia de Poli\u0163ie \u201eAl. I. Cuza\u201d, Bucure\u015fti:\u00a0<em>Considera\u0163ii referitoare la rom\u00e2nii din Bucovina \u00een timpul Primului R\u0103zboi Mondial.<\/em><br \/>\nKATHARINA HABERKORN, dr., Bezirk Schwaben, Augsburg, Germania:\u00a0<em>Transform\u0103ri \u015fi reinterpret\u0103ri \u00een spa\u0163iul public. Bucovina dup\u0103 1918.<\/em><br \/>\nVASILE M. DEMCIUC, lect. univ. dr., Universitatea ,,\u015etefan cel Mare\u201d, Suceava:\u00a0<em>Dositei, primul episcop al Bucovinei.<\/em><br \/>\nIONEL-CRISTINEL PUHA, profesor, Liceul Tehnologic ,,Ion Nistor\u201d, Vicovu de Sus:\u00a0<em>Bucovina \u00een Primul R\u0103zboi Mondial \u00een amintirile lui Pamfil Cuciureanu.<\/em><br \/>\nALEXANDRINA CU\u0162UI, dr., Muzeul Bucovinei, Suceava:\u00a0<em>Acuza\u0163ii de iredentism \u015fi spionaj aduse rom\u00e2nilor de c\u0103tre autorit\u0103\u0163ile austriece.<\/em><br \/>\nCEZAR-C\u0102LIN CIORTEANU, dr., Serviciul Teritorial de Frontier\u0103, Suceava:\u00a0<em>Situa\u0163ia pazei frontierei de nord-est a Rom\u00e2niei \u00een perioada 1917\u20131918.<\/em><br \/>\nGHEORGHE ONI\u015eORU, prof. univ. dr., Universitatea \u201e\u0218tefan cel Mare\u201d Suceava:\u00a0<em>Tratatul de la Saint Germain (10 septembrie 1919).<\/em><br \/>\nFLORIN PINTESCU, conf. univ. dr., Universitatea \u201e\u015etefan cel Mare\u201d, Suceava:\u00a0<em>Societ\u0103\u0163i culturale evreie\u015fti din R\u0103d\u0103u\u0163i, \u00een perioada interbelic\u0103.<\/em><br \/>\nEWA KOC\u00d3J, dr. hab., Institutul de Cultur\u0103, Universitatea Jagiellon\u0103, Cracovia, Polonia:\u00a0<em>Memoria \u015fi reconcilierea. Patrimoniul Bucovinei multietnice \u00een cultura contemporan\u0103.<\/em><\/p>\n<ol>\n<li>Comunic\u0103ri:<\/li>\n<\/ol>\n<p>MARIA DANILOV, conf. univ. dr., Institutul de Istorie, Chi\u015fin\u0103u, Republica Moldova:\u00a0<em>Cultura \u015fi \u015fcoala basarabean\u0103 \u00een cercet\u0103rile lui Liviu Marian.<\/em><br \/>\nJUSTINIAN-REMUS COJOCAR, drd., Universitatea \u201e\u015etefan cel Mare\u201d, Suceava:\u00a0<em>Conferin\u0163ele pastorale \u2013 preo\u0163ii bucovineni \u00een slujba unit\u0103\u0163ii statale \u015fi biserice\u015fti a rom\u00e2nilor.<\/em><br \/>\nMARIA EPATOV, prof. drd., Colegiul Na\u0163ional \u201eEudoxiu Hurmuzachi\u201d, R\u0103d\u0103u\u0163i:\u00a0<em>Comunitatea armean\u0103 din Bucovina \u2013 istorie \u015fi identitate.<\/em><br \/>\n\u015eTEF\u0102NI\u0162A-MIHAELA UNGUREANU, CS, drd., Institutul \u201eBucovina\u201d, R\u0103d\u0103u\u0163i:\u00a0<em>Via\u0163a cultural\u0103, social\u0103 \u015fi politic\u0103 provincial\u0103 reflectat\u0103 \u00een paginile ziarului \u201eBukowina. Landes- und Amtszeitung\u201d (1862\u20131868).<\/em><br \/>\nALEXANDRU-OVIDIU VINTIL\u0102, dr., Biblioteca Bucovinei \u201eI. G. Sbiera\u201d, Suceava:\u00a0<em>Societatea Scriitorilor Bucovineni, opt decenii de la \u00eenfiin\u0163are.<\/em><br \/>\nELENA PINTILEI, drd., Universitatea \u201e\u015etefan cel Mare\u201d, Suceava:\u00a0<em>I. G. Sbiera \u015fi Biblioteca Central\u0103 a Bucovinei (Rapoartele de activitate pentru anii: 1872, 1873, 1874).<\/em><br \/>\nDRAGO\u015e HU\u0162ULEAC, dr., cercet\u0103tor independent:\u00a0<em>Cum a influen\u021bat Marea Unire g\u00e2ndirea rom\u00e2neasc\u0103? O perspectiv\u0103 filosofic\u0103.<\/em><\/p>\n<p>Semnal editorial<\/p>\n<ol>\n<li><em>a) c\u0103r\u021bi:<\/em><br \/>\n\u2013 Viorica Cern\u0103u\u021beanu,\u00a0<em>Pojor\u00e2ta Bucovinei. File de istorie<\/em>, Cuv\u00e2nt-\u00eenainte de Ion Filipciuc, Suceava, f. ed., Tipar: Dejavu Techprint SRL, 2017, 588 p. (Vasile I. Schipor);<br \/>\n\u2013 Zwi\u0105zek Polak\u00f3w w Rumunii. Uniunea Polonezilor din Rom\u00e2nia (editor),\u00a0<em>Zwi\u0105zki polsko-rumu\u0144skie w historii i kulturze. Leg\u0103turi istorice \u0219i culturale polono-rom\u00e2ne<\/em>, Suceava, f. ed., Tipar: SC Tipo-Lidana SRL, 2018, 536 p. (Vasile I. Schipor);<br \/>\n\u2013 Mihai-R\u0103zvan Neagu,\u00a0<em>Formarea elitei ortodoxe din Transilvania, Banat \u015fi Cri\u015fana la sf\u00e2r\u015fitul secolului al XIX-lea \u015fi \u00eenceputul secolului al XX-lea. Studen\u0163i rom\u00e2ni din Transilvania, Banat \u015fi Cri\u015fana la Facultatea de Teologie a Universit\u0103\u0163ii din Cern\u0103u\u0163i (1875\u20131918)<\/em>, Cluj-Napoca, Editura \u015ecoala Ardelean\u0103, 2018, 698 p. (Marian Olaru);<br \/>\n\u2013 Gheorghe Schipor,\u00a0<em>Ioan Larionescu (1885\u20131969)<\/em>, Suceava, Editura Accent Print, 2018, 184 p. (Ovidiu B\u00e2t\u0103).<\/li>\n<\/ol>\n<p><strong><a href=\"https:\/\/www.institutulbucovina.ro\/sesiuni_anuale.html#cuprins\">\u00a0<\/a><\/strong><\/p>\n","protected":false},"excerpt":{"rendered":"<p>Bucovina \u0219i bucovinenii. Un secol de la MAREA UNIRE. A XXVI-a sesiune anual\u0103 de referate \u015fi comunic\u0103ri \u015ftiin\u0163ifice R\u0103d\u0103u\u0163i, 28 septembrie \u2013 Cern\u0103u\u021bi, 29 septembrie 2018. Comunic\u0103ri: RODICA JUGRIN, CS III dr., Institutul \u201eBucovina\u201d, R\u0103d\u0103u\u0163i:\u00a0In memoriam Dimitrie Vatamaniuc (25 septembrie 1920 \u2013 4 iulie 2018). ALEXANDRINA CERNOV, membru de onoare al Academiei Rom\u00e2ne, Cern\u0103u\u0163i, Ucraina:\u00a0Ion &hellip;<\/p>\n<p class=\"read-more\"> <a class=\"\" href=\"https:\/\/institutulbucovina.ro\/web\/2018\/09\/29\/bucovina-si-bucovinenii-un-secol-de-la-marea-unire-radauti-28-septembrie-cernauti-29-septembrie-2018\/\"> <span class=\"screen-reader-text\">Bucovina \u0219i bucovinenii. Un secol de la MAREA UNIRE. R\u0103d\u0103u\u0163i, 28 septembrie &#8211; Cern\u0103u\u021bi, 29 septembrie 2018.<\/span> Read More &raquo;<\/a><\/p>\n","protected":false},"author":6,"featured_media":0,"comment_status":"closed","ping_status":"closed","sticky":false,"template":"","format":"standard","meta":{"site-sidebar-layout":"default","site-content-layout":"default","ast-main-header-display":"","ast-hfb-above-header-display":"","ast-hfb-below-header-display":"","ast-hfb-mobile-header-display":"","site-post-title":"","ast-breadcrumbs-content":"","ast-featured-img":"","footer-sml-layout":"","theme-transparent-header-meta":"default","adv-header-id-meta":"","stick-header-meta":"","header-above-stick-meta":"","header-main-stick-meta":"","header-below-stick-meta":"","footnotes":""},"categories":[10],"tags":[],"class_list":["post-398","post","type-post","status-publish","format-standard","hentry","category-sesiuni"],"yoast_head":"<!-- This site is optimized with the Yoast SEO plugin v17.8 - https:\/\/yoast.com\/wordpress\/plugins\/seo\/ -->\n<title>Bucovina \u0219i bucovinenii. Un secol de la MAREA UNIRE. R\u0103d\u0103u\u0163i, 28 septembrie - Cern\u0103u\u021bi, 29 septembrie 2018. - Institutul Bucovina<\/title>\n<meta name=\"robots\" content=\"index, follow, max-snippet:-1, max-image-preview:large, max-video-preview:-1\" \/>\n<link rel=\"canonical\" href=\"https:\/\/institutulbucovina.ro\/web\/2018\/09\/29\/bucovina-si-bucovinenii-un-secol-de-la-marea-unire-radauti-28-septembrie-cernauti-29-septembrie-2018\/\" \/>\n<meta property=\"og:locale\" content=\"ro_RO\" \/>\n<meta property=\"og:type\" content=\"article\" \/>\n<meta property=\"og:title\" content=\"Bucovina \u0219i bucovinenii. Un secol de la MAREA UNIRE. R\u0103d\u0103u\u0163i, 28 septembrie - Cern\u0103u\u021bi, 29 septembrie 2018. - Institutul Bucovina\" \/>\n<meta property=\"og:description\" content=\"Bucovina \u0219i bucovinenii. Un secol de la MAREA UNIRE. A XXVI-a sesiune anual\u0103 de referate \u015fi comunic\u0103ri \u015ftiin\u0163ifice R\u0103d\u0103u\u0163i, 28 septembrie \u2013 Cern\u0103u\u021bi, 29 septembrie 2018. Comunic\u0103ri: RODICA JUGRIN, CS III dr., Institutul \u201eBucovina\u201d, R\u0103d\u0103u\u0163i:\u00a0In memoriam Dimitrie Vatamaniuc (25 septembrie 1920 \u2013 4 iulie 2018). ALEXANDRINA CERNOV, membru de onoare al Academiei Rom\u00e2ne, Cern\u0103u\u0163i, Ucraina:\u00a0Ion &hellip; Bucovina \u0219i bucovinenii. Un secol de la MAREA UNIRE. R\u0103d\u0103u\u0163i, 28 septembrie &#8211; Cern\u0103u\u021bi, 29 septembrie 2018. Read More &raquo;\" \/>\n<meta property=\"og:url\" content=\"https:\/\/institutulbucovina.ro\/web\/2018\/09\/29\/bucovina-si-bucovinenii-un-secol-de-la-marea-unire-radauti-28-septembrie-cernauti-29-septembrie-2018\/\" \/>\n<meta property=\"og:site_name\" content=\"Institutul Bucovina\" \/>\n<meta property=\"article:published_time\" content=\"2018-09-29T17:11:14+00:00\" \/>\n<meta property=\"article:modified_time\" content=\"2023-02-14T11:28:00+00:00\" \/>\n<meta name=\"twitter:card\" content=\"summary_large_image\" \/>\n<meta name=\"twitter:label1\" content=\"Scris de\" \/>\n\t<meta name=\"twitter:data1\" content=\"institutb\" \/>\n\t<meta name=\"twitter:label2\" content=\"Timp estimat pentru citire\" \/>\n\t<meta name=\"twitter:data2\" content=\"3 minute\" \/>\n<script type=\"application\/ld+json\" class=\"yoast-schema-graph\">{\"@context\":\"https:\/\/schema.org\",\"@graph\":[{\"@type\":\"WebSite\",\"@id\":\"https:\/\/institutulbucovina.ro\/web\/#website\",\"url\":\"https:\/\/institutulbucovina.ro\/web\/\",\"name\":\"Institutul Bucovina\",\"description\":\"Periodic al Institutului \\u201eBucovina\\u201d al Academiei Rom\\u00e2ne\",\"potentialAction\":[{\"@type\":\"SearchAction\",\"target\":{\"@type\":\"EntryPoint\",\"urlTemplate\":\"https:\/\/institutulbucovina.ro\/web\/?s={search_term_string}\"},\"query-input\":\"required name=search_term_string\"}],\"inLanguage\":\"ro-RO\"},{\"@type\":\"WebPage\",\"@id\":\"https:\/\/institutulbucovina.ro\/web\/2018\/09\/29\/bucovina-si-bucovinenii-un-secol-de-la-marea-unire-radauti-28-septembrie-cernauti-29-septembrie-2018\/#webpage\",\"url\":\"https:\/\/institutulbucovina.ro\/web\/2018\/09\/29\/bucovina-si-bucovinenii-un-secol-de-la-marea-unire-radauti-28-septembrie-cernauti-29-septembrie-2018\/\",\"name\":\"Bucovina \\u0219i bucovinenii. Un secol de la MAREA UNIRE. R\\u0103d\\u0103u\\u0163i, 28 septembrie - Cern\\u0103u\\u021bi, 29 septembrie 2018. - Institutul Bucovina\",\"isPartOf\":{\"@id\":\"https:\/\/institutulbucovina.ro\/web\/#website\"},\"datePublished\":\"2018-09-29T17:11:14+00:00\",\"dateModified\":\"2023-02-14T11:28:00+00:00\",\"author\":{\"@id\":\"https:\/\/institutulbucovina.ro\/web\/#\/schema\/person\/de06106d58bab0556cb8feb35983f881\"},\"breadcrumb\":{\"@id\":\"https:\/\/institutulbucovina.ro\/web\/2018\/09\/29\/bucovina-si-bucovinenii-un-secol-de-la-marea-unire-radauti-28-septembrie-cernauti-29-septembrie-2018\/#breadcrumb\"},\"inLanguage\":\"ro-RO\",\"potentialAction\":[{\"@type\":\"ReadAction\",\"target\":[\"https:\/\/institutulbucovina.ro\/web\/2018\/09\/29\/bucovina-si-bucovinenii-un-secol-de-la-marea-unire-radauti-28-septembrie-cernauti-29-septembrie-2018\/\"]}]},{\"@type\":\"BreadcrumbList\",\"@id\":\"https:\/\/institutulbucovina.ro\/web\/2018\/09\/29\/bucovina-si-bucovinenii-un-secol-de-la-marea-unire-radauti-28-septembrie-cernauti-29-septembrie-2018\/#breadcrumb\",\"itemListElement\":[{\"@type\":\"ListItem\",\"position\":1,\"name\":\"Prima pagin\\u0103\",\"item\":\"https:\/\/institutulbucovina.ro\/web\/\"},{\"@type\":\"ListItem\",\"position\":2,\"name\":\"Bucovina \\u0219i bucovinenii. Un secol de la MAREA UNIRE. R\\u0103d\\u0103u\\u0163i, 28 septembrie &#8211; Cern\\u0103u\\u021bi, 29 septembrie 2018.\"}]},{\"@type\":\"Person\",\"@id\":\"https:\/\/institutulbucovina.ro\/web\/#\/schema\/person\/de06106d58bab0556cb8feb35983f881\",\"name\":\"institutb\",\"image\":{\"@type\":\"ImageObject\",\"@id\":\"https:\/\/institutulbucovina.ro\/web\/#personlogo\",\"inLanguage\":\"ro-RO\",\"url\":\"https:\/\/secure.gravatar.com\/avatar\/a83cfe98264b87795b5043463a373bbe38dba201cc93ec568407720a46b65d16?s=96&d=mm&r=g\",\"contentUrl\":\"https:\/\/secure.gravatar.com\/avatar\/a83cfe98264b87795b5043463a373bbe38dba201cc93ec568407720a46b65d16?s=96&d=mm&r=g\",\"caption\":\"institutb\"},\"url\":\"https:\/\/institutulbucovina.ro\/web\/author\/institutb\/\"}]}<\/script>\n<!-- \/ Yoast SEO plugin. -->","yoast_head_json":{"title":"Bucovina \u0219i bucovinenii. Un secol de la MAREA UNIRE. R\u0103d\u0103u\u0163i, 28 septembrie - Cern\u0103u\u021bi, 29 septembrie 2018. - Institutul Bucovina","robots":{"index":"index","follow":"follow","max-snippet":"max-snippet:-1","max-image-preview":"max-image-preview:large","max-video-preview":"max-video-preview:-1"},"canonical":"https:\/\/institutulbucovina.ro\/web\/2018\/09\/29\/bucovina-si-bucovinenii-un-secol-de-la-marea-unire-radauti-28-septembrie-cernauti-29-septembrie-2018\/","og_locale":"ro_RO","og_type":"article","og_title":"Bucovina \u0219i bucovinenii. Un secol de la MAREA UNIRE. R\u0103d\u0103u\u0163i, 28 septembrie - Cern\u0103u\u021bi, 29 septembrie 2018. - Institutul Bucovina","og_description":"Bucovina \u0219i bucovinenii. Un secol de la MAREA UNIRE. A XXVI-a sesiune anual\u0103 de referate \u015fi comunic\u0103ri \u015ftiin\u0163ifice R\u0103d\u0103u\u0163i, 28 septembrie \u2013 Cern\u0103u\u021bi, 29 septembrie 2018. Comunic\u0103ri: RODICA JUGRIN, CS III dr., Institutul \u201eBucovina\u201d, R\u0103d\u0103u\u0163i:\u00a0In memoriam Dimitrie Vatamaniuc (25 septembrie 1920 \u2013 4 iulie 2018). ALEXANDRINA CERNOV, membru de onoare al Academiei Rom\u00e2ne, Cern\u0103u\u0163i, Ucraina:\u00a0Ion &hellip; Bucovina \u0219i bucovinenii. Un secol de la MAREA UNIRE. R\u0103d\u0103u\u0163i, 28 septembrie &#8211; Cern\u0103u\u021bi, 29 septembrie 2018. Read More &raquo;","og_url":"https:\/\/institutulbucovina.ro\/web\/2018\/09\/29\/bucovina-si-bucovinenii-un-secol-de-la-marea-unire-radauti-28-septembrie-cernauti-29-septembrie-2018\/","og_site_name":"Institutul Bucovina","article_published_time":"2018-09-29T17:11:14+00:00","article_modified_time":"2023-02-14T11:28:00+00:00","twitter_card":"summary_large_image","twitter_misc":{"Scris de":"institutb","Timp estimat pentru citire":"3 minute"},"schema":{"@context":"https:\/\/schema.org","@graph":[{"@type":"WebSite","@id":"https:\/\/institutulbucovina.ro\/web\/#website","url":"https:\/\/institutulbucovina.ro\/web\/","name":"Institutul Bucovina","description":"Periodic al Institutului \u201eBucovina\u201d al Academiei Rom\u00e2ne","potentialAction":[{"@type":"SearchAction","target":{"@type":"EntryPoint","urlTemplate":"https:\/\/institutulbucovina.ro\/web\/?s={search_term_string}"},"query-input":"required name=search_term_string"}],"inLanguage":"ro-RO"},{"@type":"WebPage","@id":"https:\/\/institutulbucovina.ro\/web\/2018\/09\/29\/bucovina-si-bucovinenii-un-secol-de-la-marea-unire-radauti-28-septembrie-cernauti-29-septembrie-2018\/#webpage","url":"https:\/\/institutulbucovina.ro\/web\/2018\/09\/29\/bucovina-si-bucovinenii-un-secol-de-la-marea-unire-radauti-28-septembrie-cernauti-29-septembrie-2018\/","name":"Bucovina \u0219i bucovinenii. Un secol de la MAREA UNIRE. R\u0103d\u0103u\u0163i, 28 septembrie - Cern\u0103u\u021bi, 29 septembrie 2018. - Institutul Bucovina","isPartOf":{"@id":"https:\/\/institutulbucovina.ro\/web\/#website"},"datePublished":"2018-09-29T17:11:14+00:00","dateModified":"2023-02-14T11:28:00+00:00","author":{"@id":"https:\/\/institutulbucovina.ro\/web\/#\/schema\/person\/de06106d58bab0556cb8feb35983f881"},"breadcrumb":{"@id":"https:\/\/institutulbucovina.ro\/web\/2018\/09\/29\/bucovina-si-bucovinenii-un-secol-de-la-marea-unire-radauti-28-septembrie-cernauti-29-septembrie-2018\/#breadcrumb"},"inLanguage":"ro-RO","potentialAction":[{"@type":"ReadAction","target":["https:\/\/institutulbucovina.ro\/web\/2018\/09\/29\/bucovina-si-bucovinenii-un-secol-de-la-marea-unire-radauti-28-septembrie-cernauti-29-septembrie-2018\/"]}]},{"@type":"BreadcrumbList","@id":"https:\/\/institutulbucovina.ro\/web\/2018\/09\/29\/bucovina-si-bucovinenii-un-secol-de-la-marea-unire-radauti-28-septembrie-cernauti-29-septembrie-2018\/#breadcrumb","itemListElement":[{"@type":"ListItem","position":1,"name":"Prima pagin\u0103","item":"https:\/\/institutulbucovina.ro\/web\/"},{"@type":"ListItem","position":2,"name":"Bucovina \u0219i bucovinenii. Un secol de la MAREA UNIRE. R\u0103d\u0103u\u0163i, 28 septembrie &#8211; Cern\u0103u\u021bi, 29 septembrie 2018."}]},{"@type":"Person","@id":"https:\/\/institutulbucovina.ro\/web\/#\/schema\/person\/de06106d58bab0556cb8feb35983f881","name":"institutb","image":{"@type":"ImageObject","@id":"https:\/\/institutulbucovina.ro\/web\/#personlogo","inLanguage":"ro-RO","url":"https:\/\/secure.gravatar.com\/avatar\/a83cfe98264b87795b5043463a373bbe38dba201cc93ec568407720a46b65d16?s=96&d=mm&r=g","contentUrl":"https:\/\/secure.gravatar.com\/avatar\/a83cfe98264b87795b5043463a373bbe38dba201cc93ec568407720a46b65d16?s=96&d=mm&r=g","caption":"institutb"},"url":"https:\/\/institutulbucovina.ro\/web\/author\/institutb\/"}]}},"_links":{"self":[{"href":"https:\/\/institutulbucovina.ro\/web\/wp-json\/wp\/v2\/posts\/398","targetHints":{"allow":["GET"]}}],"collection":[{"href":"https:\/\/institutulbucovina.ro\/web\/wp-json\/wp\/v2\/posts"}],"about":[{"href":"https:\/\/institutulbucovina.ro\/web\/wp-json\/wp\/v2\/types\/post"}],"author":[{"embeddable":true,"href":"https:\/\/institutulbucovina.ro\/web\/wp-json\/wp\/v2\/users\/6"}],"replies":[{"embeddable":true,"href":"https:\/\/institutulbucovina.ro\/web\/wp-json\/wp\/v2\/comments?post=398"}],"version-history":[{"count":2,"href":"https:\/\/institutulbucovina.ro\/web\/wp-json\/wp\/v2\/posts\/398\/revisions"}],"predecessor-version":[{"id":717,"href":"https:\/\/institutulbucovina.ro\/web\/wp-json\/wp\/v2\/posts\/398\/revisions\/717"}],"wp:attachment":[{"href":"https:\/\/institutulbucovina.ro\/web\/wp-json\/wp\/v2\/media?parent=398"}],"wp:term":[{"taxonomy":"category","embeddable":true,"href":"https:\/\/institutulbucovina.ro\/web\/wp-json\/wp\/v2\/categories?post=398"},{"taxonomy":"post_tag","embeddable":true,"href":"https:\/\/institutulbucovina.ro\/web\/wp-json\/wp\/v2\/tags?post=398"}],"curies":[{"name":"wp","href":"https:\/\/api.w.org\/{rel}","templated":true}]}}