{"id":1200,"date":"2025-10-08T07:32:21","date_gmt":"2025-10-08T07:32:21","guid":{"rendered":"https:\/\/institutulbucovina.ro\/web\/?p=1200"},"modified":"2025-10-08T07:32:21","modified_gmt":"2025-10-08T07:32:21","slug":"conferinta-bucovina-de-la-imperiul-habsburgic-la-regatul-romaniei-autohtonism-traditionalism-si-modernizare","status":"publish","type":"post","link":"https:\/\/institutulbucovina.ro\/web\/2025\/10\/08\/conferinta-bucovina-de-la-imperiul-habsburgic-la-regatul-romaniei-autohtonism-traditionalism-si-modernizare\/","title":{"rendered":"Conferin\u021ba \u201eBUCOVINA DE LA IMPERIUL HABSBURGIC LA REGATUL ROM\u00c2NIEI \u2013 autohtonism, tradi\u021bionalism \u0219i modernizare\u201d"},"content":{"rendered":"<a href=\"https:\/\/institutulbucovina.ro\/web\/wp-content\/uploads\/2025\/10\/afis-conferinta-9-10-octombrie-2025.pdf\" class=\"pdfemb-viewer\" style=\"\" data-width=\"max\" data-height=\"max\"  data-toolbar=\"bottom\" data-toolbar-fixed=\"off\">afis conferinta 9-10 octombrie 2025<br\/><\/a>\n<h4>A XXXIII-a sesiune anual\u0103 de referate \u015fi comunic\u0103ri \u015ftiin\u0163ifice<br \/>\nR\u0103d\u0103u\u021bi, 9 \u2013 10 octombrie 2025<br \/>\nMuzeul M\u0103n\u0103stirii Bogdana, ora 09.00<\/h4>\n","protected":false},"excerpt":{"rendered":"<p>A XXXIII-a sesiune anual\u0103 de referate \u015fi comunic\u0103ri \u015ftiin\u0163ifice R\u0103d\u0103u\u021bi, 9 \u2013 10 octombrie 2025 Muzeul M\u0103n\u0103stirii Bogdana, ora 09.00<\/p>\n","protected":false},"author":6,"featured_media":1201,"comment_status":"open","ping_status":"open","sticky":false,"template":"","format":"standard","meta":{"site-sidebar-layout":"default","site-content-layout":"default","ast-main-header-display":"","ast-hfb-above-header-display":"","ast-hfb-below-header-display":"","ast-hfb-mobile-header-display":"","site-post-title":"","ast-breadcrumbs-content":"","ast-featured-img":"","footer-sml-layout":"","theme-transparent-header-meta":"default","adv-header-id-meta":"","stick-header-meta":"","header-above-stick-meta":"","header-main-stick-meta":"","header-below-stick-meta":"","footnotes":""},"categories":[15],"tags":[],"class_list":["post-1200","post","type-post","status-publish","format-standard","has-post-thumbnail","hentry","category-anunturi"],"yoast_head":"<!-- This site is optimized with the Yoast SEO plugin v17.8 - https:\/\/yoast.com\/wordpress\/plugins\/seo\/ -->\n<title>Conferin\u021ba \u201eBUCOVINA DE LA IMPERIUL HABSBURGIC LA REGATUL ROM\u00c2NIEI \u2013 autohtonism, tradi\u021bionalism \u0219i modernizare\u201d - Institutul Bucovina<\/title>\n<meta name=\"robots\" content=\"index, follow, max-snippet:-1, max-image-preview:large, max-video-preview:-1\" \/>\n<link rel=\"canonical\" href=\"https:\/\/institutulbucovina.ro\/web\/2025\/10\/08\/conferinta-bucovina-de-la-imperiul-habsburgic-la-regatul-romaniei-autohtonism-traditionalism-si-modernizare\/\" \/>\n<meta property=\"og:locale\" content=\"ro_RO\" \/>\n<meta property=\"og:type\" content=\"article\" \/>\n<meta property=\"og:title\" content=\"Conferin\u021ba \u201eBUCOVINA DE LA IMPERIUL HABSBURGIC LA REGATUL ROM\u00c2NIEI \u2013 autohtonism, tradi\u021bionalism \u0219i modernizare\u201d - Institutul Bucovina\" \/>\n<meta property=\"og:description\" content=\"A XXXIII-a sesiune anual\u0103 de referate \u015fi comunic\u0103ri \u015ftiin\u0163ifice R\u0103d\u0103u\u021bi, 9 \u2013 10 octombrie 2025 Muzeul M\u0103n\u0103stirii Bogdana, ora 09.00\" \/>\n<meta property=\"og:url\" content=\"https:\/\/institutulbucovina.ro\/web\/2025\/10\/08\/conferinta-bucovina-de-la-imperiul-habsburgic-la-regatul-romaniei-autohtonism-traditionalism-si-modernizare\/\" \/>\n<meta property=\"og:site_name\" content=\"Institutul Bucovina\" \/>\n<meta property=\"article:published_time\" content=\"2025-10-08T07:32:21+00:00\" \/>\n<meta property=\"og:image\" content=\"https:\/\/institutulbucovina.ro\/web\/wp-content\/uploads\/2025\/10\/afis-conferinta-9-10-octombrie-2025-1.jpg\" \/>\n\t<meta property=\"og:image:width\" content=\"1125\" \/>\n\t<meta property=\"og:image:height\" content=\"1500\" \/>\n<meta name=\"twitter:card\" content=\"summary_large_image\" \/>\n<meta name=\"twitter:label1\" content=\"Scris de\" \/>\n\t<meta name=\"twitter:data1\" content=\"institutb\" \/>\n<script type=\"application\/ld+json\" class=\"yoast-schema-graph\">{\"@context\":\"https:\/\/schema.org\",\"@graph\":[{\"@type\":\"WebSite\",\"@id\":\"https:\/\/institutulbucovina.ro\/web\/#website\",\"url\":\"https:\/\/institutulbucovina.ro\/web\/\",\"name\":\"Institutul Bucovina\",\"description\":\"Periodic al Institutului \\u201eBucovina\\u201d al Academiei Rom\\u00e2ne\",\"potentialAction\":[{\"@type\":\"SearchAction\",\"target\":{\"@type\":\"EntryPoint\",\"urlTemplate\":\"https:\/\/institutulbucovina.ro\/web\/?s={search_term_string}\"},\"query-input\":\"required name=search_term_string\"}],\"inLanguage\":\"ro-RO\"},{\"@type\":\"ImageObject\",\"@id\":\"https:\/\/institutulbucovina.ro\/web\/2025\/10\/08\/conferinta-bucovina-de-la-imperiul-habsburgic-la-regatul-romaniei-autohtonism-traditionalism-si-modernizare\/#primaryimage\",\"inLanguage\":\"ro-RO\",\"url\":\"https:\/\/institutulbucovina.ro\/web\/wp-content\/uploads\/2025\/10\/afis-conferinta-9-10-octombrie-2025-1.jpg\",\"contentUrl\":\"https:\/\/institutulbucovina.ro\/web\/wp-content\/uploads\/2025\/10\/afis-conferinta-9-10-octombrie-2025-1.jpg\",\"width\":1125,\"height\":1500},{\"@type\":\"WebPage\",\"@id\":\"https:\/\/institutulbucovina.ro\/web\/2025\/10\/08\/conferinta-bucovina-de-la-imperiul-habsburgic-la-regatul-romaniei-autohtonism-traditionalism-si-modernizare\/#webpage\",\"url\":\"https:\/\/institutulbucovina.ro\/web\/2025\/10\/08\/conferinta-bucovina-de-la-imperiul-habsburgic-la-regatul-romaniei-autohtonism-traditionalism-si-modernizare\/\",\"name\":\"Conferin\\u021ba \\u201eBUCOVINA DE LA IMPERIUL HABSBURGIC LA REGATUL ROM\\u00c2NIEI \\u2013 autohtonism, tradi\\u021bionalism \\u0219i modernizare\\u201d - Institutul Bucovina\",\"isPartOf\":{\"@id\":\"https:\/\/institutulbucovina.ro\/web\/#website\"},\"primaryImageOfPage\":{\"@id\":\"https:\/\/institutulbucovina.ro\/web\/2025\/10\/08\/conferinta-bucovina-de-la-imperiul-habsburgic-la-regatul-romaniei-autohtonism-traditionalism-si-modernizare\/#primaryimage\"},\"datePublished\":\"2025-10-08T07:32:21+00:00\",\"dateModified\":\"2025-10-08T07:32:21+00:00\",\"author\":{\"@id\":\"https:\/\/institutulbucovina.ro\/web\/#\/schema\/person\/de06106d58bab0556cb8feb35983f881\"},\"breadcrumb\":{\"@id\":\"https:\/\/institutulbucovina.ro\/web\/2025\/10\/08\/conferinta-bucovina-de-la-imperiul-habsburgic-la-regatul-romaniei-autohtonism-traditionalism-si-modernizare\/#breadcrumb\"},\"inLanguage\":\"ro-RO\",\"potentialAction\":[{\"@type\":\"ReadAction\",\"target\":[\"https:\/\/institutulbucovina.ro\/web\/2025\/10\/08\/conferinta-bucovina-de-la-imperiul-habsburgic-la-regatul-romaniei-autohtonism-traditionalism-si-modernizare\/\"]}]},{\"@type\":\"BreadcrumbList\",\"@id\":\"https:\/\/institutulbucovina.ro\/web\/2025\/10\/08\/conferinta-bucovina-de-la-imperiul-habsburgic-la-regatul-romaniei-autohtonism-traditionalism-si-modernizare\/#breadcrumb\",\"itemListElement\":[{\"@type\":\"ListItem\",\"position\":1,\"name\":\"Prima pagin\\u0103\",\"item\":\"https:\/\/institutulbucovina.ro\/web\/\"},{\"@type\":\"ListItem\",\"position\":2,\"name\":\"Conferin\\u021ba \\u201eBUCOVINA DE LA IMPERIUL HABSBURGIC LA REGATUL ROM\\u00c2NIEI \\u2013 autohtonism, tradi\\u021bionalism \\u0219i modernizare\\u201d\"}]},{\"@type\":\"Person\",\"@id\":\"https:\/\/institutulbucovina.ro\/web\/#\/schema\/person\/de06106d58bab0556cb8feb35983f881\",\"name\":\"institutb\",\"image\":{\"@type\":\"ImageObject\",\"@id\":\"https:\/\/institutulbucovina.ro\/web\/#personlogo\",\"inLanguage\":\"ro-RO\",\"url\":\"https:\/\/secure.gravatar.com\/avatar\/a83cfe98264b87795b5043463a373bbe38dba201cc93ec568407720a46b65d16?s=96&d=mm&r=g\",\"contentUrl\":\"https:\/\/secure.gravatar.com\/avatar\/a83cfe98264b87795b5043463a373bbe38dba201cc93ec568407720a46b65d16?s=96&d=mm&r=g\",\"caption\":\"institutb\"},\"url\":\"https:\/\/institutulbucovina.ro\/web\/author\/institutb\/\"}]}<\/script>\n<!-- \/ Yoast SEO plugin. -->","yoast_head_json":{"title":"Conferin\u021ba \u201eBUCOVINA DE LA IMPERIUL HABSBURGIC LA REGATUL ROM\u00c2NIEI \u2013 autohtonism, tradi\u021bionalism \u0219i modernizare\u201d - Institutul Bucovina","robots":{"index":"index","follow":"follow","max-snippet":"max-snippet:-1","max-image-preview":"max-image-preview:large","max-video-preview":"max-video-preview:-1"},"canonical":"https:\/\/institutulbucovina.ro\/web\/2025\/10\/08\/conferinta-bucovina-de-la-imperiul-habsburgic-la-regatul-romaniei-autohtonism-traditionalism-si-modernizare\/","og_locale":"ro_RO","og_type":"article","og_title":"Conferin\u021ba \u201eBUCOVINA DE LA IMPERIUL HABSBURGIC LA REGATUL ROM\u00c2NIEI \u2013 autohtonism, tradi\u021bionalism \u0219i modernizare\u201d - Institutul Bucovina","og_description":"A XXXIII-a sesiune anual\u0103 de referate \u015fi comunic\u0103ri \u015ftiin\u0163ifice R\u0103d\u0103u\u021bi, 9 \u2013 10 octombrie 2025 Muzeul M\u0103n\u0103stirii Bogdana, ora 09.00","og_url":"https:\/\/institutulbucovina.ro\/web\/2025\/10\/08\/conferinta-bucovina-de-la-imperiul-habsburgic-la-regatul-romaniei-autohtonism-traditionalism-si-modernizare\/","og_site_name":"Institutul Bucovina","article_published_time":"2025-10-08T07:32:21+00:00","og_image":[{"width":1125,"height":1500,"url":"https:\/\/institutulbucovina.ro\/web\/wp-content\/uploads\/2025\/10\/afis-conferinta-9-10-octombrie-2025-1.jpg","type":"image\/jpeg"}],"twitter_card":"summary_large_image","twitter_misc":{"Scris de":"institutb"},"schema":{"@context":"https:\/\/schema.org","@graph":[{"@type":"WebSite","@id":"https:\/\/institutulbucovina.ro\/web\/#website","url":"https:\/\/institutulbucovina.ro\/web\/","name":"Institutul Bucovina","description":"Periodic al Institutului \u201eBucovina\u201d al Academiei Rom\u00e2ne","potentialAction":[{"@type":"SearchAction","target":{"@type":"EntryPoint","urlTemplate":"https:\/\/institutulbucovina.ro\/web\/?s={search_term_string}"},"query-input":"required name=search_term_string"}],"inLanguage":"ro-RO"},{"@type":"ImageObject","@id":"https:\/\/institutulbucovina.ro\/web\/2025\/10\/08\/conferinta-bucovina-de-la-imperiul-habsburgic-la-regatul-romaniei-autohtonism-traditionalism-si-modernizare\/#primaryimage","inLanguage":"ro-RO","url":"https:\/\/institutulbucovina.ro\/web\/wp-content\/uploads\/2025\/10\/afis-conferinta-9-10-octombrie-2025-1.jpg","contentUrl":"https:\/\/institutulbucovina.ro\/web\/wp-content\/uploads\/2025\/10\/afis-conferinta-9-10-octombrie-2025-1.jpg","width":1125,"height":1500},{"@type":"WebPage","@id":"https:\/\/institutulbucovina.ro\/web\/2025\/10\/08\/conferinta-bucovina-de-la-imperiul-habsburgic-la-regatul-romaniei-autohtonism-traditionalism-si-modernizare\/#webpage","url":"https:\/\/institutulbucovina.ro\/web\/2025\/10\/08\/conferinta-bucovina-de-la-imperiul-habsburgic-la-regatul-romaniei-autohtonism-traditionalism-si-modernizare\/","name":"Conferin\u021ba \u201eBUCOVINA DE LA IMPERIUL HABSBURGIC LA REGATUL ROM\u00c2NIEI \u2013 autohtonism, tradi\u021bionalism \u0219i modernizare\u201d - Institutul Bucovina","isPartOf":{"@id":"https:\/\/institutulbucovina.ro\/web\/#website"},"primaryImageOfPage":{"@id":"https:\/\/institutulbucovina.ro\/web\/2025\/10\/08\/conferinta-bucovina-de-la-imperiul-habsburgic-la-regatul-romaniei-autohtonism-traditionalism-si-modernizare\/#primaryimage"},"datePublished":"2025-10-08T07:32:21+00:00","dateModified":"2025-10-08T07:32:21+00:00","author":{"@id":"https:\/\/institutulbucovina.ro\/web\/#\/schema\/person\/de06106d58bab0556cb8feb35983f881"},"breadcrumb":{"@id":"https:\/\/institutulbucovina.ro\/web\/2025\/10\/08\/conferinta-bucovina-de-la-imperiul-habsburgic-la-regatul-romaniei-autohtonism-traditionalism-si-modernizare\/#breadcrumb"},"inLanguage":"ro-RO","potentialAction":[{"@type":"ReadAction","target":["https:\/\/institutulbucovina.ro\/web\/2025\/10\/08\/conferinta-bucovina-de-la-imperiul-habsburgic-la-regatul-romaniei-autohtonism-traditionalism-si-modernizare\/"]}]},{"@type":"BreadcrumbList","@id":"https:\/\/institutulbucovina.ro\/web\/2025\/10\/08\/conferinta-bucovina-de-la-imperiul-habsburgic-la-regatul-romaniei-autohtonism-traditionalism-si-modernizare\/#breadcrumb","itemListElement":[{"@type":"ListItem","position":1,"name":"Prima pagin\u0103","item":"https:\/\/institutulbucovina.ro\/web\/"},{"@type":"ListItem","position":2,"name":"Conferin\u021ba \u201eBUCOVINA DE LA IMPERIUL HABSBURGIC LA REGATUL ROM\u00c2NIEI \u2013 autohtonism, tradi\u021bionalism \u0219i modernizare\u201d"}]},{"@type":"Person","@id":"https:\/\/institutulbucovina.ro\/web\/#\/schema\/person\/de06106d58bab0556cb8feb35983f881","name":"institutb","image":{"@type":"ImageObject","@id":"https:\/\/institutulbucovina.ro\/web\/#personlogo","inLanguage":"ro-RO","url":"https:\/\/secure.gravatar.com\/avatar\/a83cfe98264b87795b5043463a373bbe38dba201cc93ec568407720a46b65d16?s=96&d=mm&r=g","contentUrl":"https:\/\/secure.gravatar.com\/avatar\/a83cfe98264b87795b5043463a373bbe38dba201cc93ec568407720a46b65d16?s=96&d=mm&r=g","caption":"institutb"},"url":"https:\/\/institutulbucovina.ro\/web\/author\/institutb\/"}]}},"_links":{"self":[{"href":"https:\/\/institutulbucovina.ro\/web\/wp-json\/wp\/v2\/posts\/1200","targetHints":{"allow":["GET"]}}],"collection":[{"href":"https:\/\/institutulbucovina.ro\/web\/wp-json\/wp\/v2\/posts"}],"about":[{"href":"https:\/\/institutulbucovina.ro\/web\/wp-json\/wp\/v2\/types\/post"}],"author":[{"embeddable":true,"href":"https:\/\/institutulbucovina.ro\/web\/wp-json\/wp\/v2\/users\/6"}],"replies":[{"embeddable":true,"href":"https:\/\/institutulbucovina.ro\/web\/wp-json\/wp\/v2\/comments?post=1200"}],"version-history":[{"count":1,"href":"https:\/\/institutulbucovina.ro\/web\/wp-json\/wp\/v2\/posts\/1200\/revisions"}],"predecessor-version":[{"id":1203,"href":"https:\/\/institutulbucovina.ro\/web\/wp-json\/wp\/v2\/posts\/1200\/revisions\/1203"}],"wp:featuredmedia":[{"embeddable":true,"href":"https:\/\/institutulbucovina.ro\/web\/wp-json\/wp\/v2\/media\/1201"}],"wp:attachment":[{"href":"https:\/\/institutulbucovina.ro\/web\/wp-json\/wp\/v2\/media?parent=1200"}],"wp:term":[{"taxonomy":"category","embeddable":true,"href":"https:\/\/institutulbucovina.ro\/web\/wp-json\/wp\/v2\/categories?post=1200"},{"taxonomy":"post_tag","embeddable":true,"href":"https:\/\/institutulbucovina.ro\/web\/wp-json\/wp\/v2\/tags?post=1200"}],"curies":[{"name":"wp","href":"https:\/\/api.w.org\/{rel}","templated":true}]}}