{"id":1196,"date":"2025-05-08T01:05:49","date_gmt":"2025-05-08T01:05:49","guid":{"rendered":"https:\/\/institutulbucovina.ro\/web\/?p=1196"},"modified":"2025-06-01T01:07:32","modified_gmt":"2025-06-01T01:07:32","slug":"conferinta-interactiva-drumul-romaniei-de-la-independenta-de-stat-la-integrarea-europeana","status":"publish","type":"post","link":"https:\/\/institutulbucovina.ro\/web\/2025\/05\/08\/conferinta-interactiva-drumul-romaniei-de-la-independenta-de-stat-la-integrarea-europeana\/","title":{"rendered":"Conferin\u021ba interactiv\u0103 &#8211; \u201eDRUMUL ROM\u00c2NIEI: DE LA INDEPENDEN\u021aA DE STAT LA INTEGRAREA EUROPEAN\u0102\u201d"},"content":{"rendered":"<p><img loading=\"lazy\" decoding=\"async\" class=\"alignnone size-large wp-image-1197\" src=\"https:\/\/institutulbucovina.ro\/web\/wp-content\/uploads\/2025\/06\/afis-9-mai-768x1024.jpg\" alt=\"\" width=\"768\" height=\"1024\" srcset=\"https:\/\/institutulbucovina.ro\/web\/wp-content\/uploads\/2025\/06\/afis-9-mai-768x1024.jpg 768w, https:\/\/institutulbucovina.ro\/web\/wp-content\/uploads\/2025\/06\/afis-9-mai-225x300.jpg 225w, https:\/\/institutulbucovina.ro\/web\/wp-content\/uploads\/2025\/06\/afis-9-mai-1152x1536.jpg 1152w, https:\/\/institutulbucovina.ro\/web\/wp-content\/uploads\/2025\/06\/afis-9-mai.jpg 1500w\" sizes=\"auto, (max-width: 768px) 100vw, 768px\" \/><\/p>\n<h5>Sediul Societ\u0103\u021bii pentru Cultura \u0219i Literatura Rom\u00e2n\u0103 \u00een Bucovina<br \/>\n9 mai 2025, orele 09:15 &#8211; 10:30<\/h5>\n","protected":false},"excerpt":{"rendered":"<p>Sediul Societ\u0103\u021bii pentru Cultura \u0219i Literatura Rom\u00e2n\u0103 \u00een Bucovina 9 mai 2025, orele 09:15 &#8211; 10:30<\/p>\n","protected":false},"author":6,"featured_media":1197,"comment_status":"open","ping_status":"open","sticky":false,"template":"","format":"standard","meta":{"site-sidebar-layout":"default","site-content-layout":"default","ast-main-header-display":"","ast-hfb-above-header-display":"","ast-hfb-below-header-display":"","ast-hfb-mobile-header-display":"","site-post-title":"","ast-breadcrumbs-content":"","ast-featured-img":"","footer-sml-layout":"","theme-transparent-header-meta":"default","adv-header-id-meta":"","stick-header-meta":"","header-above-stick-meta":"","header-main-stick-meta":"","header-below-stick-meta":"","footnotes":""},"categories":[15],"tags":[],"class_list":["post-1196","post","type-post","status-publish","format-standard","has-post-thumbnail","hentry","category-anunturi"],"yoast_head":"<!-- This site is optimized with the Yoast SEO plugin v17.8 - https:\/\/yoast.com\/wordpress\/plugins\/seo\/ -->\n<title>Conferin\u021ba interactiv\u0103 - \u201eDRUMUL ROM\u00c2NIEI: DE LA INDEPENDEN\u021aA DE STAT LA INTEGRAREA EUROPEAN\u0102\u201d - Institutul Bucovina<\/title>\n<meta name=\"robots\" content=\"index, follow, max-snippet:-1, max-image-preview:large, max-video-preview:-1\" \/>\n<link rel=\"canonical\" href=\"https:\/\/institutulbucovina.ro\/web\/2025\/05\/08\/conferinta-interactiva-drumul-romaniei-de-la-independenta-de-stat-la-integrarea-europeana\/\" \/>\n<meta property=\"og:locale\" content=\"ro_RO\" \/>\n<meta property=\"og:type\" content=\"article\" \/>\n<meta property=\"og:title\" content=\"Conferin\u021ba interactiv\u0103 - \u201eDRUMUL ROM\u00c2NIEI: DE LA INDEPENDEN\u021aA DE STAT LA INTEGRAREA EUROPEAN\u0102\u201d - Institutul Bucovina\" \/>\n<meta property=\"og:description\" content=\"Sediul Societ\u0103\u021bii pentru Cultura \u0219i Literatura Rom\u00e2n\u0103 \u00een Bucovina 9 mai 2025, orele 09:15 &#8211; 10:30\" \/>\n<meta property=\"og:url\" content=\"https:\/\/institutulbucovina.ro\/web\/2025\/05\/08\/conferinta-interactiva-drumul-romaniei-de-la-independenta-de-stat-la-integrarea-europeana\/\" \/>\n<meta property=\"og:site_name\" content=\"Institutul Bucovina\" \/>\n<meta property=\"article:published_time\" content=\"2025-05-08T01:05:49+00:00\" \/>\n<meta property=\"article:modified_time\" content=\"2025-06-01T01:07:32+00:00\" \/>\n<meta property=\"og:image\" content=\"https:\/\/institutulbucovina.ro\/web\/wp-content\/uploads\/2025\/06\/afis-9-mai.jpg\" \/>\n\t<meta property=\"og:image:width\" content=\"1500\" \/>\n\t<meta property=\"og:image:height\" content=\"2000\" \/>\n<meta name=\"twitter:card\" content=\"summary_large_image\" \/>\n<meta name=\"twitter:label1\" content=\"Scris de\" \/>\n\t<meta name=\"twitter:data1\" content=\"institutb\" \/>\n<script type=\"application\/ld+json\" class=\"yoast-schema-graph\">{\"@context\":\"https:\/\/schema.org\",\"@graph\":[{\"@type\":\"WebSite\",\"@id\":\"https:\/\/institutulbucovina.ro\/web\/#website\",\"url\":\"https:\/\/institutulbucovina.ro\/web\/\",\"name\":\"Institutul Bucovina\",\"description\":\"Periodic al Institutului \\u201eBucovina\\u201d al Academiei Rom\\u00e2ne\",\"potentialAction\":[{\"@type\":\"SearchAction\",\"target\":{\"@type\":\"EntryPoint\",\"urlTemplate\":\"https:\/\/institutulbucovina.ro\/web\/?s={search_term_string}\"},\"query-input\":\"required name=search_term_string\"}],\"inLanguage\":\"ro-RO\"},{\"@type\":\"ImageObject\",\"@id\":\"https:\/\/institutulbucovina.ro\/web\/2025\/05\/08\/conferinta-interactiva-drumul-romaniei-de-la-independenta-de-stat-la-integrarea-europeana\/#primaryimage\",\"inLanguage\":\"ro-RO\",\"url\":\"https:\/\/institutulbucovina.ro\/web\/wp-content\/uploads\/2025\/06\/afis-9-mai.jpg\",\"contentUrl\":\"https:\/\/institutulbucovina.ro\/web\/wp-content\/uploads\/2025\/06\/afis-9-mai.jpg\",\"width\":1500,\"height\":2000},{\"@type\":\"WebPage\",\"@id\":\"https:\/\/institutulbucovina.ro\/web\/2025\/05\/08\/conferinta-interactiva-drumul-romaniei-de-la-independenta-de-stat-la-integrarea-europeana\/#webpage\",\"url\":\"https:\/\/institutulbucovina.ro\/web\/2025\/05\/08\/conferinta-interactiva-drumul-romaniei-de-la-independenta-de-stat-la-integrarea-europeana\/\",\"name\":\"Conferin\\u021ba interactiv\\u0103 - \\u201eDRUMUL ROM\\u00c2NIEI: DE LA INDEPENDEN\\u021aA DE STAT LA INTEGRAREA EUROPEAN\\u0102\\u201d - Institutul Bucovina\",\"isPartOf\":{\"@id\":\"https:\/\/institutulbucovina.ro\/web\/#website\"},\"primaryImageOfPage\":{\"@id\":\"https:\/\/institutulbucovina.ro\/web\/2025\/05\/08\/conferinta-interactiva-drumul-romaniei-de-la-independenta-de-stat-la-integrarea-europeana\/#primaryimage\"},\"datePublished\":\"2025-05-08T01:05:49+00:00\",\"dateModified\":\"2025-06-01T01:07:32+00:00\",\"author\":{\"@id\":\"https:\/\/institutulbucovina.ro\/web\/#\/schema\/person\/de06106d58bab0556cb8feb35983f881\"},\"breadcrumb\":{\"@id\":\"https:\/\/institutulbucovina.ro\/web\/2025\/05\/08\/conferinta-interactiva-drumul-romaniei-de-la-independenta-de-stat-la-integrarea-europeana\/#breadcrumb\"},\"inLanguage\":\"ro-RO\",\"potentialAction\":[{\"@type\":\"ReadAction\",\"target\":[\"https:\/\/institutulbucovina.ro\/web\/2025\/05\/08\/conferinta-interactiva-drumul-romaniei-de-la-independenta-de-stat-la-integrarea-europeana\/\"]}]},{\"@type\":\"BreadcrumbList\",\"@id\":\"https:\/\/institutulbucovina.ro\/web\/2025\/05\/08\/conferinta-interactiva-drumul-romaniei-de-la-independenta-de-stat-la-integrarea-europeana\/#breadcrumb\",\"itemListElement\":[{\"@type\":\"ListItem\",\"position\":1,\"name\":\"Prima pagin\\u0103\",\"item\":\"https:\/\/institutulbucovina.ro\/web\/\"},{\"@type\":\"ListItem\",\"position\":2,\"name\":\"Conferin\\u021ba interactiv\\u0103 &#8211; \\u201eDRUMUL ROM\\u00c2NIEI: DE LA INDEPENDEN\\u021aA DE STAT LA INTEGRAREA EUROPEAN\\u0102\\u201d\"}]},{\"@type\":\"Person\",\"@id\":\"https:\/\/institutulbucovina.ro\/web\/#\/schema\/person\/de06106d58bab0556cb8feb35983f881\",\"name\":\"institutb\",\"image\":{\"@type\":\"ImageObject\",\"@id\":\"https:\/\/institutulbucovina.ro\/web\/#personlogo\",\"inLanguage\":\"ro-RO\",\"url\":\"https:\/\/secure.gravatar.com\/avatar\/a83cfe98264b87795b5043463a373bbe38dba201cc93ec568407720a46b65d16?s=96&d=mm&r=g\",\"contentUrl\":\"https:\/\/secure.gravatar.com\/avatar\/a83cfe98264b87795b5043463a373bbe38dba201cc93ec568407720a46b65d16?s=96&d=mm&r=g\",\"caption\":\"institutb\"},\"url\":\"https:\/\/institutulbucovina.ro\/web\/author\/institutb\/\"}]}<\/script>\n<!-- \/ Yoast SEO plugin. -->","yoast_head_json":{"title":"Conferin\u021ba interactiv\u0103 - \u201eDRUMUL ROM\u00c2NIEI: DE LA INDEPENDEN\u021aA DE STAT LA INTEGRAREA EUROPEAN\u0102\u201d - Institutul Bucovina","robots":{"index":"index","follow":"follow","max-snippet":"max-snippet:-1","max-image-preview":"max-image-preview:large","max-video-preview":"max-video-preview:-1"},"canonical":"https:\/\/institutulbucovina.ro\/web\/2025\/05\/08\/conferinta-interactiva-drumul-romaniei-de-la-independenta-de-stat-la-integrarea-europeana\/","og_locale":"ro_RO","og_type":"article","og_title":"Conferin\u021ba interactiv\u0103 - \u201eDRUMUL ROM\u00c2NIEI: DE LA INDEPENDEN\u021aA DE STAT LA INTEGRAREA EUROPEAN\u0102\u201d - Institutul Bucovina","og_description":"Sediul Societ\u0103\u021bii pentru Cultura \u0219i Literatura Rom\u00e2n\u0103 \u00een Bucovina 9 mai 2025, orele 09:15 &#8211; 10:30","og_url":"https:\/\/institutulbucovina.ro\/web\/2025\/05\/08\/conferinta-interactiva-drumul-romaniei-de-la-independenta-de-stat-la-integrarea-europeana\/","og_site_name":"Institutul Bucovina","article_published_time":"2025-05-08T01:05:49+00:00","article_modified_time":"2025-06-01T01:07:32+00:00","og_image":[{"width":1500,"height":2000,"url":"https:\/\/institutulbucovina.ro\/web\/wp-content\/uploads\/2025\/06\/afis-9-mai.jpg","type":"image\/jpeg"}],"twitter_card":"summary_large_image","twitter_misc":{"Scris de":"institutb"},"schema":{"@context":"https:\/\/schema.org","@graph":[{"@type":"WebSite","@id":"https:\/\/institutulbucovina.ro\/web\/#website","url":"https:\/\/institutulbucovina.ro\/web\/","name":"Institutul Bucovina","description":"Periodic al Institutului \u201eBucovina\u201d al Academiei Rom\u00e2ne","potentialAction":[{"@type":"SearchAction","target":{"@type":"EntryPoint","urlTemplate":"https:\/\/institutulbucovina.ro\/web\/?s={search_term_string}"},"query-input":"required name=search_term_string"}],"inLanguage":"ro-RO"},{"@type":"ImageObject","@id":"https:\/\/institutulbucovina.ro\/web\/2025\/05\/08\/conferinta-interactiva-drumul-romaniei-de-la-independenta-de-stat-la-integrarea-europeana\/#primaryimage","inLanguage":"ro-RO","url":"https:\/\/institutulbucovina.ro\/web\/wp-content\/uploads\/2025\/06\/afis-9-mai.jpg","contentUrl":"https:\/\/institutulbucovina.ro\/web\/wp-content\/uploads\/2025\/06\/afis-9-mai.jpg","width":1500,"height":2000},{"@type":"WebPage","@id":"https:\/\/institutulbucovina.ro\/web\/2025\/05\/08\/conferinta-interactiva-drumul-romaniei-de-la-independenta-de-stat-la-integrarea-europeana\/#webpage","url":"https:\/\/institutulbucovina.ro\/web\/2025\/05\/08\/conferinta-interactiva-drumul-romaniei-de-la-independenta-de-stat-la-integrarea-europeana\/","name":"Conferin\u021ba interactiv\u0103 - \u201eDRUMUL ROM\u00c2NIEI: DE LA INDEPENDEN\u021aA DE STAT LA INTEGRAREA EUROPEAN\u0102\u201d - Institutul Bucovina","isPartOf":{"@id":"https:\/\/institutulbucovina.ro\/web\/#website"},"primaryImageOfPage":{"@id":"https:\/\/institutulbucovina.ro\/web\/2025\/05\/08\/conferinta-interactiva-drumul-romaniei-de-la-independenta-de-stat-la-integrarea-europeana\/#primaryimage"},"datePublished":"2025-05-08T01:05:49+00:00","dateModified":"2025-06-01T01:07:32+00:00","author":{"@id":"https:\/\/institutulbucovina.ro\/web\/#\/schema\/person\/de06106d58bab0556cb8feb35983f881"},"breadcrumb":{"@id":"https:\/\/institutulbucovina.ro\/web\/2025\/05\/08\/conferinta-interactiva-drumul-romaniei-de-la-independenta-de-stat-la-integrarea-europeana\/#breadcrumb"},"inLanguage":"ro-RO","potentialAction":[{"@type":"ReadAction","target":["https:\/\/institutulbucovina.ro\/web\/2025\/05\/08\/conferinta-interactiva-drumul-romaniei-de-la-independenta-de-stat-la-integrarea-europeana\/"]}]},{"@type":"BreadcrumbList","@id":"https:\/\/institutulbucovina.ro\/web\/2025\/05\/08\/conferinta-interactiva-drumul-romaniei-de-la-independenta-de-stat-la-integrarea-europeana\/#breadcrumb","itemListElement":[{"@type":"ListItem","position":1,"name":"Prima pagin\u0103","item":"https:\/\/institutulbucovina.ro\/web\/"},{"@type":"ListItem","position":2,"name":"Conferin\u021ba interactiv\u0103 &#8211; \u201eDRUMUL ROM\u00c2NIEI: DE LA INDEPENDEN\u021aA DE STAT LA INTEGRAREA EUROPEAN\u0102\u201d"}]},{"@type":"Person","@id":"https:\/\/institutulbucovina.ro\/web\/#\/schema\/person\/de06106d58bab0556cb8feb35983f881","name":"institutb","image":{"@type":"ImageObject","@id":"https:\/\/institutulbucovina.ro\/web\/#personlogo","inLanguage":"ro-RO","url":"https:\/\/secure.gravatar.com\/avatar\/a83cfe98264b87795b5043463a373bbe38dba201cc93ec568407720a46b65d16?s=96&d=mm&r=g","contentUrl":"https:\/\/secure.gravatar.com\/avatar\/a83cfe98264b87795b5043463a373bbe38dba201cc93ec568407720a46b65d16?s=96&d=mm&r=g","caption":"institutb"},"url":"https:\/\/institutulbucovina.ro\/web\/author\/institutb\/"}]}},"_links":{"self":[{"href":"https:\/\/institutulbucovina.ro\/web\/wp-json\/wp\/v2\/posts\/1196","targetHints":{"allow":["GET"]}}],"collection":[{"href":"https:\/\/institutulbucovina.ro\/web\/wp-json\/wp\/v2\/posts"}],"about":[{"href":"https:\/\/institutulbucovina.ro\/web\/wp-json\/wp\/v2\/types\/post"}],"author":[{"embeddable":true,"href":"https:\/\/institutulbucovina.ro\/web\/wp-json\/wp\/v2\/users\/6"}],"replies":[{"embeddable":true,"href":"https:\/\/institutulbucovina.ro\/web\/wp-json\/wp\/v2\/comments?post=1196"}],"version-history":[{"count":1,"href":"https:\/\/institutulbucovina.ro\/web\/wp-json\/wp\/v2\/posts\/1196\/revisions"}],"predecessor-version":[{"id":1198,"href":"https:\/\/institutulbucovina.ro\/web\/wp-json\/wp\/v2\/posts\/1196\/revisions\/1198"}],"wp:featuredmedia":[{"embeddable":true,"href":"https:\/\/institutulbucovina.ro\/web\/wp-json\/wp\/v2\/media\/1197"}],"wp:attachment":[{"href":"https:\/\/institutulbucovina.ro\/web\/wp-json\/wp\/v2\/media?parent=1196"}],"wp:term":[{"taxonomy":"category","embeddable":true,"href":"https:\/\/institutulbucovina.ro\/web\/wp-json\/wp\/v2\/categories?post=1196"},{"taxonomy":"post_tag","embeddable":true,"href":"https:\/\/institutulbucovina.ro\/web\/wp-json\/wp\/v2\/tags?post=1196"}],"curies":[{"name":"wp","href":"https:\/\/api.w.org\/{rel}","templated":true}]}}