{"id":1000,"date":"2024-06-03T10:42:56","date_gmt":"2024-06-03T10:42:56","guid":{"rendered":"https:\/\/institutulbucovina.ro\/web\/?p=1000"},"modified":"2024-06-03T10:42:56","modified_gmt":"2024-06-03T10:42:56","slug":"cu-sarguinta-despre-vieti-de-referinta-intalnire-cu-neuitarea-lui-eudoxiu-hurmuzachi","status":"publish","type":"post","link":"https:\/\/institutulbucovina.ro\/web\/2024\/06\/03\/cu-sarguinta-despre-vieti-de-referinta-intalnire-cu-neuitarea-lui-eudoxiu-hurmuzachi\/","title":{"rendered":"Cu s\u00e2rguin\u021b\u0103 despre vie\u021bi de referin\u021b\u0103. \u00cent\u00e2lnire cu neuitarea lui Eudoxiu Hurmuzachi"},"content":{"rendered":"<p><img loading=\"lazy\" decoding=\"async\" class=\"aligncenter wp-image-1001 size-full\" src=\"https:\/\/institutulbucovina.ro\/web\/wp-content\/uploads\/2024\/06\/Afis-E.-Hurmuzachi.jpg\" alt=\"\" width=\"1080\" height=\"1528\" srcset=\"https:\/\/institutulbucovina.ro\/web\/wp-content\/uploads\/2024\/06\/Afis-E.-Hurmuzachi.jpg 1080w, https:\/\/institutulbucovina.ro\/web\/wp-content\/uploads\/2024\/06\/Afis-E.-Hurmuzachi-212x300.jpg 212w, https:\/\/institutulbucovina.ro\/web\/wp-content\/uploads\/2024\/06\/Afis-E.-Hurmuzachi-724x1024.jpg 724w, https:\/\/institutulbucovina.ro\/web\/wp-content\/uploads\/2024\/06\/Afis-E.-Hurmuzachi-768x1087.jpg 768w\" sizes=\"auto, (max-width: 1080px) 100vw, 1080px\" \/><\/p>\n<h4>Joi, 30 mai 2024,<\/h4>\n<h4>Muzeul M\u0103n\u0103stirii Bogdana, ora 17:00<\/h4>\n","protected":false},"excerpt":{"rendered":"<p>Joi, 30 mai 2024, Muzeul M\u0103n\u0103stirii Bogdana, ora 17:00<\/p>\n","protected":false},"author":6,"featured_media":1001,"comment_status":"open","ping_status":"open","sticky":false,"template":"","format":"standard","meta":{"site-sidebar-layout":"default","site-content-layout":"default","ast-main-header-display":"","ast-hfb-above-header-display":"","ast-hfb-below-header-display":"","ast-hfb-mobile-header-display":"","site-post-title":"","ast-breadcrumbs-content":"","ast-featured-img":"","footer-sml-layout":"","theme-transparent-header-meta":"default","adv-header-id-meta":"","stick-header-meta":"","header-above-stick-meta":"","header-main-stick-meta":"","header-below-stick-meta":"","footnotes":""},"categories":[15],"tags":[],"class_list":["post-1000","post","type-post","status-publish","format-standard","has-post-thumbnail","hentry","category-anunturi"],"yoast_head":"<!-- This site is optimized with the Yoast SEO plugin v17.8 - https:\/\/yoast.com\/wordpress\/plugins\/seo\/ -->\n<title>Cu s\u00e2rguin\u021b\u0103 despre vie\u021bi de referin\u021b\u0103. \u00cent\u00e2lnire cu neuitarea lui Eudoxiu Hurmuzachi - Institutul Bucovina<\/title>\n<meta name=\"robots\" content=\"index, follow, max-snippet:-1, max-image-preview:large, max-video-preview:-1\" \/>\n<link rel=\"canonical\" href=\"https:\/\/institutulbucovina.ro\/web\/2024\/06\/03\/cu-sarguinta-despre-vieti-de-referinta-intalnire-cu-neuitarea-lui-eudoxiu-hurmuzachi\/\" \/>\n<meta property=\"og:locale\" content=\"ro_RO\" \/>\n<meta property=\"og:type\" content=\"article\" \/>\n<meta property=\"og:title\" content=\"Cu s\u00e2rguin\u021b\u0103 despre vie\u021bi de referin\u021b\u0103. \u00cent\u00e2lnire cu neuitarea lui Eudoxiu Hurmuzachi - Institutul Bucovina\" \/>\n<meta property=\"og:description\" content=\"Joi, 30 mai 2024, Muzeul M\u0103n\u0103stirii Bogdana, ora 17:00\" \/>\n<meta property=\"og:url\" content=\"https:\/\/institutulbucovina.ro\/web\/2024\/06\/03\/cu-sarguinta-despre-vieti-de-referinta-intalnire-cu-neuitarea-lui-eudoxiu-hurmuzachi\/\" \/>\n<meta property=\"og:site_name\" content=\"Institutul Bucovina\" \/>\n<meta property=\"article:published_time\" content=\"2024-06-03T10:42:56+00:00\" \/>\n<meta property=\"og:image\" content=\"https:\/\/institutulbucovina.ro\/web\/wp-content\/uploads\/2024\/06\/Afis-E.-Hurmuzachi.jpg\" \/>\n\t<meta property=\"og:image:width\" content=\"1080\" \/>\n\t<meta property=\"og:image:height\" content=\"1528\" \/>\n<meta name=\"twitter:card\" content=\"summary_large_image\" \/>\n<meta name=\"twitter:label1\" content=\"Scris de\" \/>\n\t<meta name=\"twitter:data1\" content=\"institutb\" \/>\n<script type=\"application\/ld+json\" class=\"yoast-schema-graph\">{\"@context\":\"https:\/\/schema.org\",\"@graph\":[{\"@type\":\"WebSite\",\"@id\":\"https:\/\/institutulbucovina.ro\/web\/#website\",\"url\":\"https:\/\/institutulbucovina.ro\/web\/\",\"name\":\"Institutul Bucovina\",\"description\":\"Periodic al Institutului \\u201eBucovina\\u201d al Academiei Rom\\u00e2ne\",\"potentialAction\":[{\"@type\":\"SearchAction\",\"target\":{\"@type\":\"EntryPoint\",\"urlTemplate\":\"https:\/\/institutulbucovina.ro\/web\/?s={search_term_string}\"},\"query-input\":\"required name=search_term_string\"}],\"inLanguage\":\"ro-RO\"},{\"@type\":\"ImageObject\",\"@id\":\"https:\/\/institutulbucovina.ro\/web\/2024\/06\/03\/cu-sarguinta-despre-vieti-de-referinta-intalnire-cu-neuitarea-lui-eudoxiu-hurmuzachi\/#primaryimage\",\"inLanguage\":\"ro-RO\",\"url\":\"https:\/\/institutulbucovina.ro\/web\/wp-content\/uploads\/2024\/06\/Afis-E.-Hurmuzachi.jpg\",\"contentUrl\":\"https:\/\/institutulbucovina.ro\/web\/wp-content\/uploads\/2024\/06\/Afis-E.-Hurmuzachi.jpg\",\"width\":1080,\"height\":1528},{\"@type\":\"WebPage\",\"@id\":\"https:\/\/institutulbucovina.ro\/web\/2024\/06\/03\/cu-sarguinta-despre-vieti-de-referinta-intalnire-cu-neuitarea-lui-eudoxiu-hurmuzachi\/#webpage\",\"url\":\"https:\/\/institutulbucovina.ro\/web\/2024\/06\/03\/cu-sarguinta-despre-vieti-de-referinta-intalnire-cu-neuitarea-lui-eudoxiu-hurmuzachi\/\",\"name\":\"Cu s\\u00e2rguin\\u021b\\u0103 despre vie\\u021bi de referin\\u021b\\u0103. \\u00cent\\u00e2lnire cu neuitarea lui Eudoxiu Hurmuzachi - Institutul Bucovina\",\"isPartOf\":{\"@id\":\"https:\/\/institutulbucovina.ro\/web\/#website\"},\"primaryImageOfPage\":{\"@id\":\"https:\/\/institutulbucovina.ro\/web\/2024\/06\/03\/cu-sarguinta-despre-vieti-de-referinta-intalnire-cu-neuitarea-lui-eudoxiu-hurmuzachi\/#primaryimage\"},\"datePublished\":\"2024-06-03T10:42:56+00:00\",\"dateModified\":\"2024-06-03T10:42:56+00:00\",\"author\":{\"@id\":\"https:\/\/institutulbucovina.ro\/web\/#\/schema\/person\/de06106d58bab0556cb8feb35983f881\"},\"breadcrumb\":{\"@id\":\"https:\/\/institutulbucovina.ro\/web\/2024\/06\/03\/cu-sarguinta-despre-vieti-de-referinta-intalnire-cu-neuitarea-lui-eudoxiu-hurmuzachi\/#breadcrumb\"},\"inLanguage\":\"ro-RO\",\"potentialAction\":[{\"@type\":\"ReadAction\",\"target\":[\"https:\/\/institutulbucovina.ro\/web\/2024\/06\/03\/cu-sarguinta-despre-vieti-de-referinta-intalnire-cu-neuitarea-lui-eudoxiu-hurmuzachi\/\"]}]},{\"@type\":\"BreadcrumbList\",\"@id\":\"https:\/\/institutulbucovina.ro\/web\/2024\/06\/03\/cu-sarguinta-despre-vieti-de-referinta-intalnire-cu-neuitarea-lui-eudoxiu-hurmuzachi\/#breadcrumb\",\"itemListElement\":[{\"@type\":\"ListItem\",\"position\":1,\"name\":\"Prima pagin\\u0103\",\"item\":\"https:\/\/institutulbucovina.ro\/web\/\"},{\"@type\":\"ListItem\",\"position\":2,\"name\":\"Cu s\\u00e2rguin\\u021b\\u0103 despre vie\\u021bi de referin\\u021b\\u0103. \\u00cent\\u00e2lnire cu neuitarea lui Eudoxiu Hurmuzachi\"}]},{\"@type\":\"Person\",\"@id\":\"https:\/\/institutulbucovina.ro\/web\/#\/schema\/person\/de06106d58bab0556cb8feb35983f881\",\"name\":\"institutb\",\"image\":{\"@type\":\"ImageObject\",\"@id\":\"https:\/\/institutulbucovina.ro\/web\/#personlogo\",\"inLanguage\":\"ro-RO\",\"url\":\"https:\/\/secure.gravatar.com\/avatar\/a83cfe98264b87795b5043463a373bbe38dba201cc93ec568407720a46b65d16?s=96&d=mm&r=g\",\"contentUrl\":\"https:\/\/secure.gravatar.com\/avatar\/a83cfe98264b87795b5043463a373bbe38dba201cc93ec568407720a46b65d16?s=96&d=mm&r=g\",\"caption\":\"institutb\"},\"url\":\"https:\/\/institutulbucovina.ro\/web\/author\/institutb\/\"}]}<\/script>\n<!-- \/ Yoast SEO plugin. -->","yoast_head_json":{"title":"Cu s\u00e2rguin\u021b\u0103 despre vie\u021bi de referin\u021b\u0103. \u00cent\u00e2lnire cu neuitarea lui Eudoxiu Hurmuzachi - Institutul Bucovina","robots":{"index":"index","follow":"follow","max-snippet":"max-snippet:-1","max-image-preview":"max-image-preview:large","max-video-preview":"max-video-preview:-1"},"canonical":"https:\/\/institutulbucovina.ro\/web\/2024\/06\/03\/cu-sarguinta-despre-vieti-de-referinta-intalnire-cu-neuitarea-lui-eudoxiu-hurmuzachi\/","og_locale":"ro_RO","og_type":"article","og_title":"Cu s\u00e2rguin\u021b\u0103 despre vie\u021bi de referin\u021b\u0103. \u00cent\u00e2lnire cu neuitarea lui Eudoxiu Hurmuzachi - Institutul Bucovina","og_description":"Joi, 30 mai 2024, Muzeul M\u0103n\u0103stirii Bogdana, ora 17:00","og_url":"https:\/\/institutulbucovina.ro\/web\/2024\/06\/03\/cu-sarguinta-despre-vieti-de-referinta-intalnire-cu-neuitarea-lui-eudoxiu-hurmuzachi\/","og_site_name":"Institutul Bucovina","article_published_time":"2024-06-03T10:42:56+00:00","og_image":[{"width":1080,"height":1528,"url":"https:\/\/institutulbucovina.ro\/web\/wp-content\/uploads\/2024\/06\/Afis-E.-Hurmuzachi.jpg","type":"image\/jpeg"}],"twitter_card":"summary_large_image","twitter_misc":{"Scris de":"institutb"},"schema":{"@context":"https:\/\/schema.org","@graph":[{"@type":"WebSite","@id":"https:\/\/institutulbucovina.ro\/web\/#website","url":"https:\/\/institutulbucovina.ro\/web\/","name":"Institutul Bucovina","description":"Periodic al Institutului \u201eBucovina\u201d al Academiei Rom\u00e2ne","potentialAction":[{"@type":"SearchAction","target":{"@type":"EntryPoint","urlTemplate":"https:\/\/institutulbucovina.ro\/web\/?s={search_term_string}"},"query-input":"required name=search_term_string"}],"inLanguage":"ro-RO"},{"@type":"ImageObject","@id":"https:\/\/institutulbucovina.ro\/web\/2024\/06\/03\/cu-sarguinta-despre-vieti-de-referinta-intalnire-cu-neuitarea-lui-eudoxiu-hurmuzachi\/#primaryimage","inLanguage":"ro-RO","url":"https:\/\/institutulbucovina.ro\/web\/wp-content\/uploads\/2024\/06\/Afis-E.-Hurmuzachi.jpg","contentUrl":"https:\/\/institutulbucovina.ro\/web\/wp-content\/uploads\/2024\/06\/Afis-E.-Hurmuzachi.jpg","width":1080,"height":1528},{"@type":"WebPage","@id":"https:\/\/institutulbucovina.ro\/web\/2024\/06\/03\/cu-sarguinta-despre-vieti-de-referinta-intalnire-cu-neuitarea-lui-eudoxiu-hurmuzachi\/#webpage","url":"https:\/\/institutulbucovina.ro\/web\/2024\/06\/03\/cu-sarguinta-despre-vieti-de-referinta-intalnire-cu-neuitarea-lui-eudoxiu-hurmuzachi\/","name":"Cu s\u00e2rguin\u021b\u0103 despre vie\u021bi de referin\u021b\u0103. \u00cent\u00e2lnire cu neuitarea lui Eudoxiu Hurmuzachi - Institutul Bucovina","isPartOf":{"@id":"https:\/\/institutulbucovina.ro\/web\/#website"},"primaryImageOfPage":{"@id":"https:\/\/institutulbucovina.ro\/web\/2024\/06\/03\/cu-sarguinta-despre-vieti-de-referinta-intalnire-cu-neuitarea-lui-eudoxiu-hurmuzachi\/#primaryimage"},"datePublished":"2024-06-03T10:42:56+00:00","dateModified":"2024-06-03T10:42:56+00:00","author":{"@id":"https:\/\/institutulbucovina.ro\/web\/#\/schema\/person\/de06106d58bab0556cb8feb35983f881"},"breadcrumb":{"@id":"https:\/\/institutulbucovina.ro\/web\/2024\/06\/03\/cu-sarguinta-despre-vieti-de-referinta-intalnire-cu-neuitarea-lui-eudoxiu-hurmuzachi\/#breadcrumb"},"inLanguage":"ro-RO","potentialAction":[{"@type":"ReadAction","target":["https:\/\/institutulbucovina.ro\/web\/2024\/06\/03\/cu-sarguinta-despre-vieti-de-referinta-intalnire-cu-neuitarea-lui-eudoxiu-hurmuzachi\/"]}]},{"@type":"BreadcrumbList","@id":"https:\/\/institutulbucovina.ro\/web\/2024\/06\/03\/cu-sarguinta-despre-vieti-de-referinta-intalnire-cu-neuitarea-lui-eudoxiu-hurmuzachi\/#breadcrumb","itemListElement":[{"@type":"ListItem","position":1,"name":"Prima pagin\u0103","item":"https:\/\/institutulbucovina.ro\/web\/"},{"@type":"ListItem","position":2,"name":"Cu s\u00e2rguin\u021b\u0103 despre vie\u021bi de referin\u021b\u0103. \u00cent\u00e2lnire cu neuitarea lui Eudoxiu Hurmuzachi"}]},{"@type":"Person","@id":"https:\/\/institutulbucovina.ro\/web\/#\/schema\/person\/de06106d58bab0556cb8feb35983f881","name":"institutb","image":{"@type":"ImageObject","@id":"https:\/\/institutulbucovina.ro\/web\/#personlogo","inLanguage":"ro-RO","url":"https:\/\/secure.gravatar.com\/avatar\/a83cfe98264b87795b5043463a373bbe38dba201cc93ec568407720a46b65d16?s=96&d=mm&r=g","contentUrl":"https:\/\/secure.gravatar.com\/avatar\/a83cfe98264b87795b5043463a373bbe38dba201cc93ec568407720a46b65d16?s=96&d=mm&r=g","caption":"institutb"},"url":"https:\/\/institutulbucovina.ro\/web\/author\/institutb\/"}]}},"_links":{"self":[{"href":"https:\/\/institutulbucovina.ro\/web\/wp-json\/wp\/v2\/posts\/1000","targetHints":{"allow":["GET"]}}],"collection":[{"href":"https:\/\/institutulbucovina.ro\/web\/wp-json\/wp\/v2\/posts"}],"about":[{"href":"https:\/\/institutulbucovina.ro\/web\/wp-json\/wp\/v2\/types\/post"}],"author":[{"embeddable":true,"href":"https:\/\/institutulbucovina.ro\/web\/wp-json\/wp\/v2\/users\/6"}],"replies":[{"embeddable":true,"href":"https:\/\/institutulbucovina.ro\/web\/wp-json\/wp\/v2\/comments?post=1000"}],"version-history":[{"count":2,"href":"https:\/\/institutulbucovina.ro\/web\/wp-json\/wp\/v2\/posts\/1000\/revisions"}],"predecessor-version":[{"id":1003,"href":"https:\/\/institutulbucovina.ro\/web\/wp-json\/wp\/v2\/posts\/1000\/revisions\/1003"}],"wp:featuredmedia":[{"embeddable":true,"href":"https:\/\/institutulbucovina.ro\/web\/wp-json\/wp\/v2\/media\/1001"}],"wp:attachment":[{"href":"https:\/\/institutulbucovina.ro\/web\/wp-json\/wp\/v2\/media?parent=1000"}],"wp:term":[{"taxonomy":"category","embeddable":true,"href":"https:\/\/institutulbucovina.ro\/web\/wp-json\/wp\/v2\/categories?post=1000"},{"taxonomy":"post_tag","embeddable":true,"href":"https:\/\/institutulbucovina.ro\/web\/wp-json\/wp\/v2\/tags?post=1000"}],"curies":[{"name":"wp","href":"https:\/\/api.w.org\/{rel}","templated":true}]}}